{"id":29717,"date":"2026-08-31T13:56:08","date_gmt":"2026-08-31T11:56:08","guid":{"rendered":"https:\/\/www.bobowozki.com.pl\/blog\/?p=29717"},"modified":"2026-08-31T13:59:23","modified_gmt":"2026-08-31T11:59:23","slug":"28-tydzien-ciazy-co-dzieje-sie-z-twoim-cialem-i-maluszkiem","status":"publish","type":"post","link":"https:\/\/www.bobowozki.com.pl\/blog\/ciaza-i-porod\/28-tydzien-ciazy-co-dzieje-sie-z-twoim-cialem-i-maluszkiem","title":{"rendered":"28. tydzie\u0144 ci\u0105\u017cy \u2013 co dzieje si\u0119 z Twoim cia\u0142em i maluszkiem?"},"content":{"rendered":"\t\t<div data-elementor-type=\"wp-post\" data-elementor-id=\"29717\" class=\"elementor elementor-29717\" data-elementor-post-type=\"post\">\n\t\t\t\t\t\t<section class=\"elementor-section elementor-top-section elementor-element elementor-element-7bc56780 elementor-section-boxed elementor-section-height-default elementor-section-height-default\" data-id=\"7bc56780\" data-element_type=\"section\">\n\t\t\t\t\t\t<div class=\"elementor-container elementor-column-gap-default\">\n\t\t\t\t\t<div class=\"elementor-column elementor-col-100 elementor-top-column elementor-element elementor-element-63bd6c08\" data-id=\"63bd6c08\" data-element_type=\"column\">\n\t\t\t<div class=\"elementor-widget-wrap elementor-element-populated\">\n\t\t\t\t\t\t<div class=\"elementor-element elementor-element-5e3738ee elementor-widget elementor-widget-text-editor\" data-id=\"5e3738ee\" data-element_type=\"widget\" data-widget_type=\"text-editor.default\">\n\t\t\t\t<div class=\"elementor-widget-container\">\n\t\t\t\t\t\t\t\t\t\n<p>28. tydzie\u0144 ci\u0105\u017cy to czas intensywnego rozwoju m\u00f3zgu i p\u0142uc dziecka. Dla kobiety ten etap mo\u017ce si\u0119 wi\u0105za\u0107 z problemami ze snem czy b\u00f3lami kr\u0119gos\u0142upa. Dowiedz si\u0119, co si\u0119 zmienia na pocz\u0105tku III trymestru.<\/p><div id=\"ez-toc-container\" class=\"ez-toc-v2_0_77 counter-hierarchy ez-toc-counter ez-toc-grey ez-toc-container-direction\">\n<div class=\"ez-toc-title-container\">\n<p class=\"ez-toc-title\" style=\"cursor:inherit\">Spis tre\u015bci<\/p>\n<span class=\"ez-toc-title-toggle\"><\/span><\/div>\n<nav><ul class='ez-toc-list ez-toc-list-level-1 ' ><li class='ez-toc-page-1 ez-toc-heading-level-2'><a class=\"ez-toc-link ez-toc-heading-1\" href=\"https:\/\/www.bobowozki.com.pl\/blog\/ciaza-i-porod\/28-tydzien-ciazy-co-dzieje-sie-z-twoim-cialem-i-maluszkiem\/#28_tydzien_ciazy_%E2%80%93_to_musisz_wiedziec\" >28. tydzie\u0144 ci\u0105\u017cy \u2013 to musisz wiedzie\u0107<\/a><\/li><li class='ez-toc-page-1 ez-toc-heading-level-2'><a class=\"ez-toc-link ez-toc-heading-2\" href=\"https:\/\/www.bobowozki.com.pl\/blog\/ciaza-i-porod\/28-tydzien-ciazy-co-dzieje-sie-z-twoim-cialem-i-maluszkiem\/#28_tydzien_ciazy_%E2%80%93_ktory_to_miesiac_i_co_sie_zmienia\" >28. tydzie\u0144 ci\u0105\u017cy \u2013 kt\u00f3ry to miesi\u0105c i co si\u0119 zmienia?<\/a><\/li><li class='ez-toc-page-1 ez-toc-heading-level-2'><a class=\"ez-toc-link ez-toc-heading-3\" href=\"https:\/\/www.bobowozki.com.pl\/blog\/ciaza-i-porod\/28-tydzien-ciazy-co-dzieje-sie-z-twoim-cialem-i-maluszkiem\/#28_tydzien_ciazy_%E2%80%93_jak_wyglada_dziecko\" >28. tydzie\u0144 ci\u0105\u017cy \u2013 jak wygl\u0105da dziecko?<\/a><\/li><li class='ez-toc-page-1 ez-toc-heading-level-2'><a class=\"ez-toc-link ez-toc-heading-4\" href=\"https:\/\/www.bobowozki.com.pl\/blog\/ciaza-i-porod\/28-tydzien-ciazy-co-dzieje-sie-z-twoim-cialem-i-maluszkiem\/#28_tydzien_ciazy_%E2%80%93_ulozenie_dziecka\" >28. tydzie\u0144 ci\u0105\u017cy \u2013 u\u0142o\u017cenie dziecka<\/a><\/li><li class='ez-toc-page-1 ez-toc-heading-level-2'><a class=\"ez-toc-link ez-toc-heading-5\" href=\"https:\/\/www.bobowozki.com.pl\/blog\/ciaza-i-porod\/28-tydzien-ciazy-co-dzieje-sie-z-twoim-cialem-i-maluszkiem\/#Ruchy_dziecka_w_28_tygodniu_ciazy_%E2%80%93_gdzie_mozesz_je_odczuwac\" >Ruchy dziecka w 28. tygodniu ci\u0105\u017cy \u2013 gdzie mo\u017cesz je odczuwa\u0107?<\/a><\/li><li class='ez-toc-page-1 ez-toc-heading-level-2'><a class=\"ez-toc-link ez-toc-heading-6\" href=\"https:\/\/www.bobowozki.com.pl\/blog\/ciaza-i-porod\/28-tydzien-ciazy-co-dzieje-sie-z-twoim-cialem-i-maluszkiem\/#28_tydzien_ciazy_%E2%80%93_brzuch_i_zmiany_w_ciele_mamy\" >28. tydzie\u0144 ci\u0105\u017cy \u2013 brzuch i zmiany w ciele mamy<\/a><\/li><li class='ez-toc-page-1 ez-toc-heading-level-2'><a class=\"ez-toc-link ez-toc-heading-7\" href=\"https:\/\/www.bobowozki.com.pl\/blog\/ciaza-i-porod\/28-tydzien-ciazy-co-dzieje-sie-z-twoim-cialem-i-maluszkiem\/#28_tydzien_ciazy_%E2%80%93_szanse_na_przezycie_po_przedwczesnym_porodzie\" >28. tydzie\u0144 ci\u0105\u017cy \u2013 szanse na prze\u017cycie po przedwczesnym porodzie<\/a><\/li><li class='ez-toc-page-1 ez-toc-heading-level-2'><a class=\"ez-toc-link ez-toc-heading-8\" href=\"https:\/\/www.bobowozki.com.pl\/blog\/ciaza-i-porod\/28-tydzien-ciazy-co-dzieje-sie-z-twoim-cialem-i-maluszkiem\/#Juz_wiesz_jak_przebiega_28_tydzien_ciazy\" >Ju\u017c wiesz, jak przebiega 28. tydzie\u0144 ci\u0105\u017cy<\/a><\/li><\/ul><\/nav><\/div>\n\n\n<h2 class=\"wp-block-heading\"><span class=\"ez-toc-section\" id=\"28_tydzien_ciazy_%E2%80%93_to_musisz_wiedziec\"><\/span>28. tydzie\u0144 ci\u0105\u017cy \u2013 to musisz wiedzie\u0107<span class=\"ez-toc-section-end\"><\/span><\/h2>\n\n<ul class=\"wp-block-list\">\n<li>28. tydzie\u0144 <strong>rozpoczyna III trymestr i przypada na 7. miesi\u0105c ci\u0105\u017cy.<\/strong><\/li>\n\n<li>Dziecko w 28. tygodniu ci\u0105\u017cy <strong>wa\u017cy oko\u0142o kilograma<\/strong>, a jego d\u0142ugo\u015b\u0107 to mniej wi\u0119cej <strong>37\u201338 cm.<\/strong><\/li>\n\n<li>Maluszek intensywnie dojrzewa \u2013 rozwijaj\u0105 si\u0119 przede wszystkim <strong>m\u00f3zg, uk\u0142ad nerwowy i p\u0142uca.<\/strong><\/li>\n\n<li>Kobieta mo\u017ce zmaga\u0107 si\u0119 z<strong> b\u00f3lami kr\u0119gos\u0142upa, problemami ze snem, zgag\u0105 czy obrz\u0119kami kostek<\/strong>.<\/li>\n\n<li>Por\u00f3d w 28. tygodniu ci\u0105\u017cy jest wci\u0105\u017c przedwczesny, ale dzi\u0119ki odpowiedniej opiece <strong>szanse dziecka na prze\u017cycie s\u0105 wysokie.<\/strong><\/li>\n<\/ul>\n\n<p>Rosn\u0105cy w Tobie maluszek przypomina ju\u017c noworodka, kt\u00f3rego za oko\u0142o 12 tygodni powitasz na \u015bwiecie. Wci\u0105\u017c jest jednak niewielki, cho\u0107 jego silne ruchy trudno Ci przeoczy\u0107. Na pocz\u0105tku III trymestru mo\u017cesz zacz\u0105\u0107 odczuwa\u0107 pewne dolegliwo\u015bci, na przyk\u0142ad zwi\u0105zane z uk\u0142adem pokarmowym czy opuchlizn\u0105. Z dalszej cz\u0119\u015bci artyku\u0142u dowiesz si\u0119, jak wygl\u0105da dziecko w 28. tygodniu ci\u0105\u017cy, czy przedwczesny por\u00f3d daje mu szanse na prze\u017cycie i jakich zmian mo\u017cesz si\u0119 spodziewa\u0107 w swoim ciele.<\/p>\n\n<h2 class=\"wp-block-heading\"><span class=\"ez-toc-section\" id=\"28_tydzien_ciazy_%E2%80%93_ktory_to_miesiac_i_co_sie_zmienia\"><\/span>28. tydzie\u0144 ci\u0105\u017cy \u2013 kt\u00f3ry to miesi\u0105c i co si\u0119 zmienia?<span class=\"ez-toc-section-end\"><\/span><\/h2>\n\n<p><strong>Jeste\u015b w III trymestrze<\/strong>, gdy trwa 28. tydzie\u0144 ci\u0105\u017cy. Kt\u00f3ry to miesi\u0105c? W\u0142a\u015bnie rozpoczynasz 7. Do przytulenia pociechy po raz pierwszy pozosta\u0142o wi\u0119c jeszcze oko\u0142o 12 tygodni.<\/p>\n\n<p>Maluszek ro\u015bnie i przybiera na wadze. Wi\u0119kszo\u015b\u0107 narz\u0105d\u00f3w wewn\u0119trznych jest ju\u017c ukszta\u0142towana, ale na tym etapie intensywnie dojrzewaj\u0105 i rosn\u0105. <strong>To czas intensywnego rozwoju m\u00f3zgu, w kt\u00f3rym tworz\u0105 si\u0119 nowe po\u0142\u0105czenia neuronalne<\/strong>. Zaczyna si\u0119 on fa\u0142dowa\u0107, co sprawia, \u017ce zmys\u0142y dzia\u0142aj\u0105 sprawniej, a ruchy staj\u0105 si\u0119 bardziej skoordynowane.<\/p>\n\n<p>W p\u0142ucach wci\u0105\u017c wytwarza si\u0119 surfaktant, kt\u00f3ry zapobiega sklejaniu si\u0119 p\u0119cherzyk\u00f3w p\u0142ucnych. Maluch trenuje mi\u0119\u015bnie oddechowe, wykonuj\u0105c ruchy klatki piersiowej z wykorzystaniem p\u0142ynu owodniowego.<\/p>\n\n<p>28. tydzie\u0144 ci\u0105\u017cy dla kobiety mo\u017ce wi\u0105za\u0107 si\u0119 z szybciej pojawiaj\u0105cym si\u0119 zm\u0119czeniem i zadyszk\u0105, na przyk\u0142ad podczas wchodzenia po schodach. Zwi\u0119kszaj\u0105ca si\u0119 waga maluszka i zmiany w sylwetce nie pozostaj\u0105 bez wp\u0142ywu na poziom energii. Naturalne jest wyst\u0119powanie b\u00f3lu plec\u00f3w. Na tym etapie u ci\u0119\u017carnych zdarzaj\u0105 si\u0119 te\u017c problemy ze snem.<strong> Znalezienie wygodnej pozycji do zasypiania bywa trudne, a parcie na p\u0119cherz mo\u017ce cz\u0119sto wybudza\u0107 w nocy.<\/strong><\/p>\n\n<p>Je\u015bli jednak czujesz si\u0119 dobrze, a lekarz nie widzi przeciwwskaza\u0144, staraj si\u0119 nie rezygnowa\u0107 z aktywno\u015bci fizycznej. <strong>Dawka ruchu jest wa\u017cna, bo mo\u017ce ograniczy\u0107 b\u00f3le kr\u0119gos\u0142upa, a tak\u017ce przygotowa\u0107 cia\u0142o do porodu<\/strong>. Wa\u017cne, by dobra\u0107 aktywno\u015b\u0107 do swoich mo\u017cliwo\u015bci. Sprawdz\u0105 si\u0119 mi\u0119dzy innymi joga dla ci\u0119\u017carnych czy zaj\u0119cia na basenie.<\/p>\n<p><strong>Przeczytaj r\u00f3wnie\u017c: <a href=\"https:\/\/www.bobowozki.com.pl\/blog\/ciaza-i-porod\/jak-przygotowac-sie-do-porodu-poradnik\">Jak przygotowa\u0107 si\u0119 do porodu? Praktyczne porady<\/a><\/strong><\/p>\n<p><img fetchpriority=\"high\" decoding=\"async\" class=\"alignnone size-full wp-image-29720\" src=\"https:\/\/www.bobowozki.com.pl\/blog\/wp-content\/uploads\/2026\/08\/28.-tydzien-ciazy-1.jpg\" alt=\"28. tydzie\u0144 ci\u0105\u017cy 1\" width=\"1024\" height=\"576\" srcset=\"https:\/\/www.bobowozki.com.pl\/blog\/wp-content\/uploads\/2026\/08\/28.-tydzien-ciazy-1.jpg 1024w, https:\/\/www.bobowozki.com.pl\/blog\/wp-content\/uploads\/2026\/08\/28.-tydzien-ciazy-1-300x169.jpg 300w, https:\/\/www.bobowozki.com.pl\/blog\/wp-content\/uploads\/2026\/08\/28.-tydzien-ciazy-1-768x432.jpg 768w\" sizes=\"(max-width: 1024px) 100vw, 1024px\" \/><\/p>\n\n<h2 class=\"wp-block-heading\"><span class=\"ez-toc-section\" id=\"28_tydzien_ciazy_%E2%80%93_jak_wyglada_dziecko\"><\/span>28. tydzie\u0144 ci\u0105\u017cy \u2013 jak wygl\u0105da dziecko?<span class=\"ez-toc-section-end\"><\/span><\/h2>\n\n<p><strong>Dziecko w 28. tygodniu ci\u0105\u017cy<\/strong><strong> przypomina ju\u017c noworodka, cho\u0107 wci\u0105\u017c jest znacznie drobniejsze<\/strong>. Do czasu porodu waga i d\u0142ugo\u015b\u0107 maluszka jeszcze si\u0119 zwi\u0119ksz\u0105. Dziecko gromadzi ju\u017c jednak tkank\u0119 t\u0142uszczow\u0105, dlatego jego sylwetka staje si\u0119 bardziej zaokr\u0105glona. Tkanka t\u0142uszczowa pomo\u017ce maluszkowi utrzymywa\u0107 temperatur\u0119 cia\u0142a po narodzinach.<\/p>\n\n<p><strong>Ze sk\u00f3ry dziecka powoli znikaj\u0105 zmarszczki i bruzdy. <\/strong>Wraz ze wzrostem tkanki t\u0142uszczowej sk\u00f3ra staje si\u0119 napi\u0119ta i g\u0142adsza. Stopniowo ze sk\u00f3ry znika te\u017c obfity meszek okre\u015blany jako lanugo. Po porodzie zobaczysz go na ciele dziecka niewiele.<\/p>\n\n<p><strong>Na g\u0142\u00f3wce maluszka mog\u0105 by\u0107 ju\u017c w\u0142osy, a na powiekach rz\u0119sy<\/strong>. Na paluszkach s\u0105 ju\u017c ma\u0142e paznokcie.<\/p>\n\n<p><strong>Maluch nadal aktywnie trenuje odruch ssania. <\/strong>Robi to przez wk\u0142adanie paluszka do buzi. W taki spos\u00f3b przygotowuje si\u0119 do karmienia po narodzinach.<\/p>\n\n<h3 class=\"wp-block-heading\">D\u0142ugo\u015b\u0107 i waga dziecka w 28. tygodniu ci\u0105\u017cy<\/h3>\n\n<p><strong>Na tym etapie d\u0142ugo\u015b\u0107 maluszka wynosi oko\u0142o 37\u201338 cm<\/strong>. A ile wa\u017cy dziecko w 28. tygodniu? Nieco ponad kilogram. Pami\u0119taj jednak, \u017ce to warto\u015bci orientacyjne. Najwa\u017cniejsze jest, czy maluszek rozwija si\u0119 zgodnie ze swoim tempem.<\/p>\n\n<h3 class=\"wp-block-heading\">28. tydzie\u0144 ci\u0105\u017cy \u2013 jak wygl\u0105da dziecko na USG?<\/h3>\n\n<p><strong>Mi\u0119dzy 28. a 32. tygodniem ci\u0105\u017cy wykonuje si\u0119 tak zwane USG III trymestru. <\/strong>Podczas badania lekarz kontroluje rozw\u00f3j p\u0142odu, po\u0142o\u017cenie \u0142o\u017cyska, a tak\u017ce stan szyjki macicy.<\/p>\n<p><img decoding=\"async\" class=\"alignnone size-full wp-image-29726 lazyload\" data-src=\"https:\/\/www.bobowozki.com.pl\/blog\/wp-content\/uploads\/2026\/08\/28.-tydzien-ciazy-GRAFIKA.png\" alt=\" W trakcie USG wyra\u017anie zobaczysz sylwetk\u0119 p\u0142odu. Mo\u017cesz te\u017c przyjrze\u0107 si\u0119 ruchom ko\u0144czyn, a je\u015bli dziecko jest odpowiednio u\u0142o\u017cone, to tak\u017ce otwieraj\u0105cym si\u0119 powiekom czy ustom.\" width=\"1024\" height=\"212\" data-srcset=\"https:\/\/www.bobowozki.com.pl\/blog\/wp-content\/uploads\/2026\/08\/28.-tydzien-ciazy-GRAFIKA.png 1024w, https:\/\/www.bobowozki.com.pl\/blog\/wp-content\/uploads\/2026\/08\/28.-tydzien-ciazy-GRAFIKA-300x62.png 300w, https:\/\/www.bobowozki.com.pl\/blog\/wp-content\/uploads\/2026\/08\/28.-tydzien-ciazy-GRAFIKA-768x159.png 768w\" data-sizes=\"(max-width: 1024px) 100vw, 1024px\" src=\"data:image\/svg+xml;base64,PHN2ZyB3aWR0aD0iMSIgaGVpZ2h0PSIxIiB4bWxucz0iaHR0cDovL3d3dy53My5vcmcvMjAwMC9zdmciPjwvc3ZnPg==\" style=\"--smush-placeholder-width: 1024px; --smush-placeholder-aspect-ratio: 1024\/212;\" \/><\/p>\n\n<h2 class=\"wp-block-heading\"><span class=\"ez-toc-section\" id=\"28_tydzien_ciazy_%E2%80%93_ulozenie_dziecka\"><\/span>28. tydzie\u0144 ci\u0105\u017cy \u2013 u\u0142o\u017cenie dziecka<span class=\"ez-toc-section-end\"><\/span><\/h2>\n\n<p><strong>Gdy trwa <\/strong><strong>28. tydzie\u0144 ci\u0105\u017cy, u\u0142o\u017cenie dziecka<\/strong><strong> nie musi by\u0107 jeszcze pozycj\u0105, w kt\u00f3rej zostanie do porodu.<\/strong> Tak\u0105 maluszki przyjmuj\u0105 cz\u0119sto mi\u0119dzy 32. a 36. tygodniem.<\/p>\n\n<p>Na tym etapie dziecko ma mniej miejsca ni\u017c dot\u0105d, ale wci\u0105\u017c mo\u017ce si\u0119 obraca\u0107. Nie ma wi\u0119c powod\u00f3w do obaw, je\u015bli badanie USG wyka\u017ce, \u017ce u\u0142o\u017cenie jest obecnie po\u015bladkowe. Do czasu porodu mo\u017ce si\u0119 to jeszcze zmieni\u0107.<\/p>\n\n<h2 class=\"wp-block-heading\"><span class=\"ez-toc-section\" id=\"Ruchy_dziecka_w_28_tygodniu_ciazy_%E2%80%93_gdzie_mozesz_je_odczuwac\"><\/span>Ruchy dziecka w 28. tygodniu ci\u0105\u017cy \u2013 gdzie mo\u017cesz je odczuwa\u0107?<span class=\"ez-toc-section-end\"><\/span><\/h2>\n\n<p>Ruchy dziecka w 28. tygodniu ci\u0105\u017cy s\u0105 wyra\u017ane. <strong>Mo\u017cesz odczuwa\u0107, \u017ce maluszek si\u0119 obraca, rozpycha czy kopie. Bardziej subtelne drgania cz\u0119sto natomiast \u015bwiadcz\u0105 o czkawce.<\/strong><\/p>\n\n<p>Ruchy bywaj\u0105 silniejsze, gdy odpoczywasz lub co\u015b zjesz, a mniej wyczuwalne, gdy jeste\u015b aktywna. <strong>Zdarza si\u0119, \u017ce dziecko reaguje ruchem na ha\u0142as, kt\u00f3rego mo\u017ce si\u0119 przestraszy\u0107.<\/strong> Intensywne \u015bwiat\u0142o te\u017c mo\u017ce pobudzi\u0107 pociech\u0119 do zwi\u0119kszonej aktywno\u015bci. Kiedy natomiast si\u0119 poruszasz, maluch mo\u017ce by\u0107 spokojniejszy, bo rytmiczne ko\u0142ysanie dzia\u0142a na niego uspokajaj\u0105co.<\/p>\n\n<p><strong>Miejsce odczuwania ruch\u00f3w pociechy zale\u017cy od jej u\u0142o\u017cenia<\/strong>. Mog\u0105 pojawi\u0107 si\u0119 zar\u00f3wno w dole brzucha, jak i powy\u017cej p\u0119pka.<\/p>\n\n<p><strong>Pami\u0119taj te\u017c, \u017ce dziecko ma ju\u017c sw\u00f3j rytm aktywno\u015bci, dlatego nie mo\u017cesz spodziewa\u0107 si\u0119 kopni\u0119\u0107 nieustannie. <\/strong>To naturalne, \u017ce gdy odpoczywa, nie odczuwasz jego ruch\u00f3w. Warto pozna\u0107 schemat aktywno\u015bci pociechy, \u017ceby zauwa\u017cy\u0107 ewentualne zmiany. Nie ma jednej konkretnej liczby ruch\u00f3w, jak\u0105 nale\u017ca\u0142oby odnotowa\u0107 ka\u017cdego dnia. Je\u015bli jednak maluch porusza si\u0119 mniej wyra\u017anie ni\u017c zwykle, a dodatkowo towarzysz\u0105 Ci b\u00f3le brzucha, to sygna\u0142, by natychmiast zg\u0142osi\u0107 si\u0119 po pomoc do specjalisty.<\/p>\n<p><strong>Sprawd\u017a r\u00f3wnie\u017c: <a href=\"https:\/\/www.bobowozki.com.pl\/blog\/ciaza-i-porod\/uciskanie-brzucha-w-ciazy\">Uciskanie brzucha w ci\u0105\u017cy w trakcie snu i schylania \u2013 czy to gro\u017ane?<\/a><\/strong><\/p>\n<p><img decoding=\"async\" class=\"alignnone size-full wp-image-29719 lazyload\" data-src=\"https:\/\/www.bobowozki.com.pl\/blog\/wp-content\/uploads\/2026\/08\/28.-tydzien-ciazy-2.jpg\" alt=\"28. tydzie\u0144 ci\u0105\u017cy 2\" width=\"1024\" height=\"596\" data-srcset=\"https:\/\/www.bobowozki.com.pl\/blog\/wp-content\/uploads\/2026\/08\/28.-tydzien-ciazy-2.jpg 1024w, https:\/\/www.bobowozki.com.pl\/blog\/wp-content\/uploads\/2026\/08\/28.-tydzien-ciazy-2-300x175.jpg 300w, https:\/\/www.bobowozki.com.pl\/blog\/wp-content\/uploads\/2026\/08\/28.-tydzien-ciazy-2-768x447.jpg 768w\" data-sizes=\"(max-width: 1024px) 100vw, 1024px\" src=\"data:image\/svg+xml;base64,PHN2ZyB3aWR0aD0iMSIgaGVpZ2h0PSIxIiB4bWxucz0iaHR0cDovL3d3dy53My5vcmcvMjAwMC9zdmciPjwvc3ZnPg==\" style=\"--smush-placeholder-width: 1024px; --smush-placeholder-aspect-ratio: 1024\/596;\" \/><\/p>\n\n<h2 class=\"wp-block-heading\"><span class=\"ez-toc-section\" id=\"28_tydzien_ciazy_%E2%80%93_brzuch_i_zmiany_w_ciele_mamy\"><\/span>28. tydzie\u0144 ci\u0105\u017cy \u2013 brzuch i zmiany w ciele mamy<span class=\"ez-toc-section-end\"><\/span><\/h2>\n\n<p><strong>Gdy trwa <\/strong><strong>28. tydzie\u0144 ci\u0105\u017cy, brzuch<\/strong><strong> jest wyra\u017anie widoczny. Oczywi\u015bcie nie u ka\u017cdej ci\u0119\u017carnej b\u0119dzie mia\u0142 tak\u0105 sam\u0105 wielko\u015b\u0107. <\/strong>Zale\u017cy ona mi\u0119dzy innymi od liczby przebytych ci\u0105\u017c oraz budowy cia\u0142a.<\/p>\n\n<p><strong>Kiedy brzuch si\u0119 powi\u0119ksza, sk\u00f3ra si\u0119 rozci\u0105ga. To naturalne, \u017ce mo\u017ce sw\u0119dzie\u0107, a sposobem na ukojenie tego nieprzyjemnego odczucia jest nawil\u017canie. <\/strong>Du\u017cy brzuch potrafi utrudnia\u0107 zasypianie. Wielu kobietom trudno znale\u017a\u0107 wygodn\u0105 pozycj\u0119 do odpoczynku. Poleca si\u0119 spanie na boku z poduszk\u0105 w\u0142o\u017con\u0105 mi\u0119dzy kolana.<\/p>\n\n<p><strong>Przyrost masy cia\u0142a do tego etapu ci\u0105\u017cy cz\u0119sto wynosi oko\u0142o 8 kg. Pami\u0119taj jednak, \u017ce to bardzo indywidualna kwestia<\/strong>. Zale\u017cy mi\u0119dzy innymi od masy wyj\u015bciowej. Wa\u017cne jest, czy przyrost masy pozostaje stopniowy i mie\u015bci si\u0119 w zakresie uznanym za w\u0142a\u015bciwy przez Twojego lekarza.<\/p>\n\n<p>Zmieniaj\u0105ca si\u0119 sylwetka to tylko jeden z objaw\u00f3w tego etapu ci\u0105\u017cy. Co jeszcze mo\u017ce si\u0119 pojawi\u0107 w 28. tygodniu?<\/p>\n\n<ul class=\"wp-block-list\">\n<li><strong>Skurcze w 28. tygodniu ci\u0105\u017cy<\/strong> \u2013 s\u0105 to tak zwane skurcze Braxtona-Hicksa, kt\u00f3re przygotowuj\u0105 cia\u0142o do porodu. Zwykle s\u0105 kr\u00f3tkie, nie wyst\u0119puj\u0105 w regularnych odst\u0119pach czasu i nie s\u0105 bolesne.<\/li>\n\n<li><strong>Zgaga<\/strong> \u2013 zmiany hormonalne wp\u0142ywaj\u0105 na prac\u0119 uk\u0142adu pokarmowego. Opr\u00f3cz zgagi mog\u0105 towarzyszy\u0107 Ci wzd\u0119cia czy uczucie pe\u0142no\u015bci po jedzeniu. Niekt\u00f3re ci\u0119\u017carne zmagaj\u0105 si\u0119 te\u017c z zaparciami.<\/li>\n\n<li><strong>Obrz\u0119ki kostek i \u0142ydek<\/strong> \u2013 nogi s\u0105 bardziej obci\u0105\u017cone ni\u017c dotychczas, a organizm zatrzymuje wi\u0119cej p\u0142yn\u00f3w, dlatego obrz\u0119k mo\u017ce si\u0119 pojawi\u0107, na przyk\u0142ad po d\u0142ugim staniu. Czasem wyst\u0119puj\u0105 te\u017c skurcze \u0142ydek.<\/li>\n\n<li><strong>B\u00f3le kr\u0119gos\u0142upa<\/strong> \u2013 zmiana \u015brodka ci\u0119\u017cko\u015bci cia\u0142a sprawia, \u017ce kr\u0119gos\u0142up jest bardziej nara\u017cony na przeci\u0105\u017cenia.<\/li>\n\n<li><strong>Trudno\u015bci z utrzymaniem moczu<\/strong> \u2013 powi\u0119kszaj\u0105ca si\u0119 macica uciska na p\u0119cherz, dlatego cz\u0119stsze wizyty w toalecie s\u0105 naturalne. Zdarza si\u0119, \u017ce mocz popuszcza podczas kaszlni\u0119cia czy kichania.<\/li>\n\n<li><strong>Wra\u017cliwo\u015b\u0107 piersi<\/strong> \u2013 piersi mog\u0105 by\u0107 wi\u0119ksze i wra\u017cliwe, a sk\u00f3ra na nich czasem sw\u0119dzi. To te\u017c czas, gdy u cz\u0119\u015bci kobiet pojawiaj\u0105 si\u0119 krople tak zwanej siary, czyli pierwszego mleka.<\/li>\n<\/ul>\n\n<p><strong>28. tydzie\u0144 ci\u0105\u017cy<\/strong><strong> jest z jednej strony pe\u0142en rado\u015bci i oczekiwania na maluszka. Z drugiej mo\u017cesz odczuwa\u0107 stres zwi\u0105zany z porodem i pierwszymi tygodniami opieki nad male\u0144stwem.<\/strong> Taka mieszanka emocji jest zupe\u0142nie naturalna. \u017beby zmniejszy\u0107 nieco ewentualny niepok\u00f3j, mo\u017cesz zaj\u0105\u0107 si\u0119 przygotowaniem indywidualnego planu porodu. To dokument, w kt\u00f3rym ci\u0119\u017carna opisuje oczekiwania. Personel medyczny powinien je uwzgl\u0119dnia\u0107, je\u015bli zdrowie matki i dziecka na to pozwala.<\/p>\n\n<p><strong>By poczu\u0107 si\u0119 lepiej przygotowan\u0105 do nowej rzeczywisto\u015bci, mo\u017cesz te\u017c zacz\u0105\u0107 kompletowa\u0107 wyprawk\u0119.<\/strong> To dobry moment, \u017ceby poszuka\u0107 fotelika. Czy powinien mie\u0107 baz\u0119? Jak\u0105 wag\u0105 ma si\u0119 wyr\u00f3\u017cnia\u0107, \u017ceby by\u0142 wygodny? Jakie rozwi\u0105zania zapewniaj\u0105ce bezpiecze\u0144stwo s\u0105 wa\u017cne? Na te pytania warto sobie odpowiedzie\u0107.<\/p>\n\n<p><strong>[[[PRODUKT:https:\/\/www.bobowozki.com.pl\/maxi-cosi-coral-slide-pro-fotelik-0-13-kg-z-baza-familyfix-slide-pro]]]<\/strong><\/p>\n<p><strong>Je\u015bli zale\u017cy Ci na \u0142atwym wyjmowaniu malucha z samochodu, mo\u017cesz zdecydowa\u0107 si\u0119 na <\/strong><a href=\"https:\/\/www.bobowozki.com.pl\/maxi-cosi-coral-slide-pro-fotelik-0-13-kg-z-baza-familyfix-slide-pro\"><strong>Maxi Cosi CORAL SLIDE PRO<\/strong><\/a><strong>.<\/strong> Model wyst\u0119puje w zestawie z baz\u0105 FAMILYFIX SLIDE PRO. Dzi\u0119ki niej mo\u017cesz wysun\u0105\u0107 fotelik w stron\u0119 drzwi samochodu, \u017ceby bez schylania si\u0119 wyj\u0105\u0107 z niego pociech\u0119. Wspomniany model pozwala te\u017c na oddzielenie noside\u0142ka od twardej skorupy. Wa\u017cy ono wtedy zaledwie 2,5 kg, a to u\u0142atwia przenoszenie w nim dziecka.<\/p>\n\n<p><strong>Warto te\u017c zacz\u0105\u0107 szuka\u0107 w\u00f3zka.<\/strong> Zastan\u00f3w si\u0119 nad wielko\u015bci\u0105 i rodzajem k\u00f3\u0142, typem materaca w gondoli czy sposobem regulacji r\u0105czki.<\/p>\n\n<p>[[[PRODUKT:https:\/\/www.bobowozki.com.pl\/muuvo-fold-wozek-2w1]]]<\/p>\n<p>Dobrym pomys\u0142em jest wybranie spo\u015br\u00f3d zestaw\u00f3w 2w1. Dzi\u0119ki temu rozwi\u0105zaniu nie trzeba b\u0119dzie szuka\u0107 za kilka miesi\u0119cy spacer\u00f3wki. Zestawy 2w1 cz\u0119sto maj\u0105 dodatkowe przydatne akcesoria. Przyk\u0142adowo z <a href=\"https:\/\/www.bobowozki.com.pl\/muuvo-fold-wozek-2w1\">Muuvo FOLD<\/a> otrzymasz mi\u0119dzy innymi moskitier\u0119, foli\u0119 przeciwdeszczow\u0105 czy wbudowane adaptery podwy\u017cszaj\u0105ce. Podobne akcesoria oferuje zestaw 2w1 <a href=\"https:\/\/www.bobowozki.com.pl\/wozki-dzieciece-p-anex-flo-wozek-2w1\">Anex FLO<\/a>. Obydwa modele daj\u0105 te\u017c opcj\u0119 wpi\u0119cia fotelika w stela\u017c w\u00f3zka, \u017ceby stworzy\u0107 system podr\u00f3\u017cny.<\/p>\n\n<h2 class=\"wp-block-heading\"><span class=\"ez-toc-section\" id=\"28_tydzien_ciazy_%E2%80%93_szanse_na_przezycie_po_przedwczesnym_porodzie\"><\/span>28. tydzie\u0144 ci\u0105\u017cy \u2013 szanse na prze\u017cycie po przedwczesnym porodzie<span class=\"ez-toc-section-end\"><\/span><\/h2>\n\n<p><strong>Por\u00f3d w 28. tygodniu ci\u0105\u017cy<\/strong><strong> jest wci\u0105\u017c przedwczesny<\/strong>. Mo\u017ce jednak wyst\u0105pi\u0107, na przyk\u0142ad jako nast\u0119pstwo stresuj\u0105cego wydarzenia.<\/p>\n\n<p><strong>Dziecko urodzone w 28. tygodniu ci\u0105\u017cy<\/strong><strong> ma ju\u017c stosunkowo du\u017ce szanse, \u017ceby prze\u017cy\u0107. <\/strong>Maluszek wci\u0105\u017c jednak nie jest gotowy do samodzielnego \u017cycia. B\u0119dzie potrzebowa\u0142 specjalistycznej opieki, a w przysz\u0142o\u015bci mo\u017ce zmaga\u0107 si\u0119 z pewnymi powik\u0142aniami.<\/p>\n\n<p><strong>Skurcze w 28. tygodniu ci\u0105\u017cy<\/strong><strong> mog\u0105 zwiastowa\u0107 przedwczesny por\u00f3d. <\/strong>Pami\u0119taj jednak, \u017ce cz\u0119sto na tym etapie wyst\u0119puj\u0105 skurcze Braxtona-Hicksa, czyli przygotowuj\u0105ce. Je\u015bli jednak pojawiaj\u0105 si\u0119 regularnie, zaczynaj\u0105 by\u0107 bolesne, a dodatkowo towarzyszy im krwawienie, konieczna jest natychmiastowa konsultacja ze specjalist\u0105.<\/p>\n<p><strong>Zobacz tak\u017ce: <a href=\"https:\/\/www.bobowozki.com.pl\/blog\/ciaza-i-porod\/czy-dziecko-w-brzuchu-placze-spi-i-oddycha-co-robi-dziecko-w-brzuchu\">Czy dziecko w brzuchu p\u0142acze, \u015bpi i oddycha? Co robi dziecko w brzuchu?<\/a><\/strong><\/p>\n<p><img decoding=\"async\" class=\"alignnone size-full wp-image-29718 lazyload\" data-src=\"https:\/\/www.bobowozki.com.pl\/blog\/wp-content\/uploads\/2026\/08\/28.-tydzien-ciazy-3.jpg\" alt=\"28. tydzie\u0144 ci\u0105\u017cy 3\" width=\"1024\" height=\"683\" data-srcset=\"https:\/\/www.bobowozki.com.pl\/blog\/wp-content\/uploads\/2026\/08\/28.-tydzien-ciazy-3.jpg 1024w, https:\/\/www.bobowozki.com.pl\/blog\/wp-content\/uploads\/2026\/08\/28.-tydzien-ciazy-3-300x200.jpg 300w, https:\/\/www.bobowozki.com.pl\/blog\/wp-content\/uploads\/2026\/08\/28.-tydzien-ciazy-3-768x512.jpg 768w\" data-sizes=\"(max-width: 1024px) 100vw, 1024px\" src=\"data:image\/svg+xml;base64,PHN2ZyB3aWR0aD0iMSIgaGVpZ2h0PSIxIiB4bWxucz0iaHR0cDovL3d3dy53My5vcmcvMjAwMC9zdmciPjwvc3ZnPg==\" style=\"--smush-placeholder-width: 1024px; --smush-placeholder-aspect-ratio: 1024\/683;\" \/><\/p>\n\n<h2 class=\"wp-block-heading\"><span class=\"ez-toc-section\" id=\"Juz_wiesz_jak_przebiega_28_tydzien_ciazy\"><\/span>Ju\u017c wiesz, jak przebiega 28. tydzie\u0144 ci\u0105\u017cy<span class=\"ez-toc-section-end\"><\/span><\/h2>\n\n<p><strong>Na tym etapie maluszek przypomina ju\u017c noworodka, kt\u00f3rego wkr\u00f3tce powitasz na \u015bwiecie<\/strong>. Wci\u0105\u017c jest jednak drobny \u2013 waga dziecka w 28. tygodniu ci\u0105\u017cy wynosi oko\u0142o kilograma. Pociecha otwiera oczy, aktywnie si\u0119 rozpycha i przygotowuje uk\u0142ad oddechowy do \u017cycia poza organizmem mamy.<\/p>\n\n<p>Ty natomiast zauwa\u017casz zmieniaj\u0105c\u0105 si\u0119 sylwetk\u0119. Mo\u017ce sprawia\u0107, \u017ce szybciej si\u0119 m\u0119czysz, trudno Ci znale\u017a\u0107 pozycj\u0119 do snu, a d\u0142ugie stanie skutkuje pojawieniem si\u0119 obrz\u0119k\u00f3w. Niekt\u00f3rym kobietom towarzyszy zgaga. Charakterystyczne s\u0105 te\u017c przygotowuj\u0105ce do porodu skurcze Braxtona-Hicksa. Gdy wyst\u0119puj\u0105, brzuch robi si\u0119 twardszy i napi\u0119ty.<strong> Zwr\u00f3\u0107 uwag\u0119, \u017ce rodzaj dolegliwo\u015bci i ich nasilenie to indywidualna kwestia.<\/strong><\/p>\n\n<p>Por\u00f3d w 28. tygodniu ci\u0105\u017cy jest wci\u0105\u017c przedwczesny, ale maluch ma ju\u017c du\u017ce szanse na prze\u017cycie. <strong>Ka\u017cdy kolejny dzie\u0144 w brzuchu mamy jest jednak kluczowy, \u017ceby ograniczy\u0107 ryzyko powik\u0142a\u0144 zdrowotnych, kt\u00f3re wyst\u0119puj\u0105 u wcze\u015bniak\u00f3w.<\/strong><\/p>\n\n<p>By czu\u0107 si\u0119 lepiej przygotowan\u0105 na przywitanie maluszka na \u015bwiecie, rozpocznij kompletowanie wyprawki. Zajrzyj do oferty <a href=\"https:\/\/www.bobowozki.com.pl\/\">BoboW\u00f3zki<\/a>, w kt\u00f3rej znajdziesz w\u00f3zki i foteliki dla niemowl\u0105t.<\/p>\n\n<p>Powy\u017csze porady nie zast\u0105pi\u0105 opieki lekarza.<\/p>\n<p>Zobacz wi\u0119cej w tym temacie:<\/p>\n<ul>\n<li><strong><a href=\"https:\/\/www.bobowozki.com.pl\/blog\/ciaza-i-porod\/27-tydzien-ciazy-co-sie-dzieje-i-jak-sie-przygotowac\">27. tydzie\u0144 ci\u0105\u017cy \u2013 co si\u0119 dzieje i jak si\u0119 przygotowa\u0107?<\/a><\/strong><\/li>\n<li><strong><a href=\"https:\/\/www.bobowozki.com.pl\/blog\/ciaza-i-porod\/26-tydzien-ciazy-jak-postepuje-rozwoj-dziecka\">26. tydzie\u0144 ci\u0105\u017cy \u2013 jak post\u0119puje rozw\u00f3j dziecka?<\/a><\/strong><\/li>\n<li><strong><a href=\"https:\/\/www.bobowozki.com.pl\/blog\/ciaza-i-porod\/25-tydzien-ciazy-pod-lupa-czyli-jak-rozwija-sie-twoje-dziecko\">25. tydzie\u0144 ci\u0105\u017cy pod lup\u0105, czyli jak rozwija si\u0119 Twoje dziecko?<\/a><\/strong><\/li>\n<\/ul>\n\n<p>\u0179r\u00f3d\u0142a:<\/p>\n\n<figure class=\"wp-block-embed\">\n<div class=\"wp-block-embed__wrapper\">https:\/\/www.bebiprogram.pl\/ciaza\/iii-trymestr\/28-tydzien-ciazy<\/div>\n<\/figure>\n\n<figure class=\"wp-block-embed is-type-wp-embed is-provider-epozytywnaopinia wp-block-embed-epozytywnaopinia\">\n<div class=\"wp-block-embed__wrapper\">https:\/\/epozytywnaopinia.pl\/kalendarz-ciazowy\/trymestr-iii\/28-tydzien-ciazy<\/div>\n<\/figure>\n\n<figure class=\"wp-block-embed is-type-wp-embed is-provider-mamaginekolog wp-block-embed-mamaginekolog\">\n<div class=\"wp-block-embed__wrapper\">https:\/\/mamaginekolog.pl\/kalendarz-ciazy\/28-tydzien-ciazy\/<\/div>\n<\/figure>\n\n<figure class=\"wp-block-embed\">\n<div class=\"wp-block-embed__wrapper\">https:\/\/hipp.pl\/ciaza\/kalendarz-ciazy\/tydzien-28<\/div>\n<\/figure>\n\n<figure class=\"wp-block-embed is-type-wp-embed is-provider-pbkm wp-block-embed-pbkm\">\n<div class=\"wp-block-embed__wrapper\">https:\/\/www.pbkm.pl\/pregnancy-zone-2\/kalendarz-ciazy\/28-tydzien-ciazy-ruchy-i-waga-dziecka-w-7-miesiacu-ciazy<\/div>\n<\/figure>\n\n<figure class=\"wp-block-embed\">\n<div class=\"wp-block-embed__wrapper\">https:\/\/www.pampers.pl\/ciaza\/kalendarz-ciazy\/28-tydzien-ciazy<\/div>\n<\/figure>\n\t\t\t\t\t\t\t\t<\/div>\n\t\t\t\t<\/div>\n\t\t\t\t\t<\/div>\n\t\t<\/div>\n\t\t\t\t\t<\/div>\n\t\t<\/section>\n\t\t\t\t<section class=\"elementor-section elementor-top-section elementor-element elementor-element-5972bb06 products-widget elementor-section-boxed elementor-section-height-default elementor-section-height-default\" data-id=\"5972bb06\" data-element_type=\"section\">\n\t\t\t\t\t\t<div class=\"elementor-container elementor-column-gap-default\">\n\t\t\t\t\t<div class=\"elementor-column elementor-col-33 elementor-top-column elementor-element elementor-element-7abfb265 box\" data-id=\"7abfb265\" data-element_type=\"column\">\n\t\t\t<div class=\"elementor-widget-wrap elementor-element-populated\">\n\t\t\t\t\t\t<div class=\"elementor-element elementor-element-499daebe product-image elementor-widget elementor-widget-image\" data-id=\"499daebe\" data-element_type=\"widget\" data-widget_type=\"image.default\">\n\t\t\t\t<div class=\"elementor-widget-container\">\n\t\t\t\t\t\t\t\t\t\t\t\t\t\t\t<img decoding=\"async\" data-src=\"http:\/\/localhost\/wp-content\/uploads\/2023\/04\/10387kolor_Peak-Mesh-1.jpg\" title=\"\" alt=\"\" src=\"data:image\/svg+xml;base64,PHN2ZyB3aWR0aD0iMSIgaGVpZ2h0PSIxIiB4bWxucz0iaHR0cDovL3d3dy53My5vcmcvMjAwMC9zdmciPjwvc3ZnPg==\" class=\"lazyload\" \/>\t\t\t\t\t\t\t\t\t\t\t\t\t\t\t<\/div>\n\t\t\t\t<\/div>\n\t\t\t\t<div class=\"elementor-element elementor-element-153e851e product-name elementor-widget elementor-widget-heading\" data-id=\"153e851e\" data-element_type=\"widget\" data-widget_type=\"heading.default\">\n\t\t\t\t<div class=\"elementor-widget-container\">\n\t\t\t\t\t<p class=\"elementor-heading-title elementor-size-default\"><a href=\"#link-do-produktu\">Nazwa produktu<\/a><\/p>\t\t\t\t<\/div>\n\t\t\t\t<\/div>\n\t\t\t\t<section class=\"elementor-section elementor-inner-section elementor-element elementor-element-289da6c elementor-section-boxed elementor-section-height-default elementor-section-height-default\" data-id=\"289da6c\" data-element_type=\"section\">\n\t\t\t\t\t\t<div class=\"elementor-container elementor-column-gap-default\">\n\t\t\t\t\t<div class=\"elementor-column elementor-col-50 elementor-inner-column elementor-element elementor-element-592b3f8b\" data-id=\"592b3f8b\" data-element_type=\"column\">\n\t\t\t<div class=\"elementor-widget-wrap elementor-element-populated\">\n\t\t\t\t\t\t<div class=\"elementor-element elementor-element-7bda9940 product-price elementor-widget elementor-widget-heading\" data-id=\"7bda9940\" data-element_type=\"widget\" data-widget_type=\"heading.default\">\n\t\t\t\t<div class=\"elementor-widget-container\">\n\t\t\t\t\t<p class=\"elementor-heading-title elementor-size-default\">2 897 z\u0142<\/p>\t\t\t\t<\/div>\n\t\t\t\t<\/div>\n\t\t\t\t\t<\/div>\n\t\t<\/div>\n\t\t\t\t<div class=\"elementor-column elementor-col-50 elementor-inner-column elementor-element elementor-element-703fd86\" data-id=\"703fd86\" data-element_type=\"column\">\n\t\t\t<div class=\"elementor-widget-wrap elementor-element-populated\">\n\t\t\t\t\t\t<div class=\"elementor-element elementor-element-284001f1 product-btn elementor-widget elementor-widget-button\" data-id=\"284001f1\" data-element_type=\"widget\" data-widget_type=\"button.default\">\n\t\t\t\t<div class=\"elementor-widget-container\">\n\t\t\t\t\t\t\t\t\t<div class=\"elementor-button-wrapper\">\n\t\t\t\t\t<a class=\"elementor-button elementor-button-link elementor-size-sm\" href=\"https:\/\/www.bobowozki.com.pl\/wozki-dzieciece-p-anex-flo-wozek-2w1\" target=\"_blank\">\n\t\t\t\t\t\t<span class=\"elementor-button-content-wrapper\">\n\t\t\t\t\t\t\t\t\t<span class=\"elementor-button-text\">Kliknij tutaj<\/span>\n\t\t\t\t\t<\/span>\n\t\t\t\t\t<\/a>\n\t\t\t\t<\/div>\n\t\t\t\t\t\t\t\t<\/div>\n\t\t\t\t<\/div>\n\t\t\t\t\t<\/div>\n\t\t<\/div>\n\t\t\t\t\t<\/div>\n\t\t<\/section>\n\t\t\t\t\t<\/div>\n\t\t<\/div>\n\t\t\t\t<div class=\"elementor-column elementor-col-33 elementor-top-column elementor-element elementor-element-7be7eaa9 box\" data-id=\"7be7eaa9\" data-element_type=\"column\">\n\t\t\t<div class=\"elementor-widget-wrap elementor-element-populated\">\n\t\t\t\t\t\t<div class=\"elementor-element elementor-element-83b33b1 product-image elementor-widget elementor-widget-image\" data-id=\"83b33b1\" data-element_type=\"widget\" data-widget_type=\"image.default\">\n\t\t\t\t<div class=\"elementor-widget-container\">\n\t\t\t\t\t\t\t\t\t\t\t\t\t\t\t<img decoding=\"async\" data-src=\"http:\/\/localhost\/wp-content\/uploads\/2023\/04\/10387kolor_Peak-Mesh-1.jpg\" title=\"\" alt=\"\" src=\"data:image\/svg+xml;base64,PHN2ZyB3aWR0aD0iMSIgaGVpZ2h0PSIxIiB4bWxucz0iaHR0cDovL3d3dy53My5vcmcvMjAwMC9zdmciPjwvc3ZnPg==\" class=\"lazyload\" \/>\t\t\t\t\t\t\t\t\t\t\t\t\t\t\t<\/div>\n\t\t\t\t<\/div>\n\t\t\t\t<div class=\"elementor-element elementor-element-e5dc806 product-name elementor-widget elementor-widget-heading\" data-id=\"e5dc806\" data-element_type=\"widget\" data-widget_type=\"heading.default\">\n\t\t\t\t<div class=\"elementor-widget-container\">\n\t\t\t\t\t<p class=\"elementor-heading-title elementor-size-default\"><a href=\"#link-do-produktu\">Nazwa produktu<\/a><\/p>\t\t\t\t<\/div>\n\t\t\t\t<\/div>\n\t\t\t\t<section class=\"elementor-section elementor-inner-section elementor-element elementor-element-4ad62c0 elementor-section-boxed elementor-section-height-default elementor-section-height-default\" data-id=\"4ad62c0\" data-element_type=\"section\">\n\t\t\t\t\t\t<div class=\"elementor-container elementor-column-gap-default\">\n\t\t\t\t\t<div class=\"elementor-column elementor-col-50 elementor-inner-column elementor-element elementor-element-315837a\" data-id=\"315837a\" data-element_type=\"column\">\n\t\t\t<div class=\"elementor-widget-wrap elementor-element-populated\">\n\t\t\t\t\t\t<div class=\"elementor-element elementor-element-3757e105 product-price elementor-widget elementor-widget-heading\" data-id=\"3757e105\" data-element_type=\"widget\" data-widget_type=\"heading.default\">\n\t\t\t\t<div class=\"elementor-widget-container\">\n\t\t\t\t\t<p class=\"elementor-heading-title elementor-size-default\">2 897 z\u0142<\/p>\t\t\t\t<\/div>\n\t\t\t\t<\/div>\n\t\t\t\t\t<\/div>\n\t\t<\/div>\n\t\t\t\t<div class=\"elementor-column elementor-col-50 elementor-inner-column elementor-element elementor-element-65eefea7\" data-id=\"65eefea7\" data-element_type=\"column\">\n\t\t\t<div class=\"elementor-widget-wrap elementor-element-populated\">\n\t\t\t\t\t\t<div class=\"elementor-element elementor-element-5f29e5d5 product-btn elementor-widget elementor-widget-button\" data-id=\"5f29e5d5\" data-element_type=\"widget\" data-widget_type=\"button.default\">\n\t\t\t\t<div class=\"elementor-widget-container\">\n\t\t\t\t\t\t\t\t\t<div class=\"elementor-button-wrapper\">\n\t\t\t\t\t<a class=\"elementor-button elementor-button-link elementor-size-sm\" href=\"https:\/\/www.bobowozki.com.pl\/foteliki-samochodowe-p-avionaut-maxspace-airflow-fotelik-samochodowy-100-150-cm\" target=\"_blank\">\n\t\t\t\t\t\t<span class=\"elementor-button-content-wrapper\">\n\t\t\t\t\t\t\t\t\t<span class=\"elementor-button-text\">Kliknij tutaj<\/span>\n\t\t\t\t\t<\/span>\n\t\t\t\t\t<\/a>\n\t\t\t\t<\/div>\n\t\t\t\t\t\t\t\t<\/div>\n\t\t\t\t<\/div>\n\t\t\t\t\t<\/div>\n\t\t<\/div>\n\t\t\t\t\t<\/div>\n\t\t<\/section>\n\t\t\t\t\t<\/div>\n\t\t<\/div>\n\t\t\t\t<div class=\"elementor-column elementor-col-33 elementor-top-column elementor-element elementor-element-5cab9c4d box\" data-id=\"5cab9c4d\" data-element_type=\"column\">\n\t\t\t<div class=\"elementor-widget-wrap elementor-element-populated\">\n\t\t\t\t\t\t<div class=\"elementor-element elementor-element-6886f241 product-image elementor-widget elementor-widget-image\" data-id=\"6886f241\" data-element_type=\"widget\" data-widget_type=\"image.default\">\n\t\t\t\t<div class=\"elementor-widget-container\">\n\t\t\t\t\t\t\t\t\t\t\t\t\t\t\t<img decoding=\"async\" data-src=\"http:\/\/localhost\/wp-content\/uploads\/2023\/04\/10387kolor_Peak-Mesh-1.jpg\" title=\"\" alt=\"\" src=\"data:image\/svg+xml;base64,PHN2ZyB3aWR0aD0iMSIgaGVpZ2h0PSIxIiB4bWxucz0iaHR0cDovL3d3dy53My5vcmcvMjAwMC9zdmciPjwvc3ZnPg==\" class=\"lazyload\" \/>\t\t\t\t\t\t\t\t\t\t\t\t\t\t\t<\/div>\n\t\t\t\t<\/div>\n\t\t\t\t<div class=\"elementor-element elementor-element-2d2669f5 product-name elementor-widget elementor-widget-heading\" data-id=\"2d2669f5\" data-element_type=\"widget\" data-widget_type=\"heading.default\">\n\t\t\t\t<div class=\"elementor-widget-container\">\n\t\t\t\t\t<p class=\"elementor-heading-title elementor-size-default\"><a href=\"#link-do-produktu\">Nazwa produktu<\/a><\/p>\t\t\t\t<\/div>\n\t\t\t\t<\/div>\n\t\t\t\t<section class=\"elementor-section elementor-inner-section elementor-element elementor-element-c0c72cb elementor-section-boxed elementor-section-height-default elementor-section-height-default\" data-id=\"c0c72cb\" data-element_type=\"section\">\n\t\t\t\t\t\t<div class=\"elementor-container elementor-column-gap-default\">\n\t\t\t\t\t<div class=\"elementor-column elementor-col-50 elementor-inner-column elementor-element elementor-element-2f826b96\" data-id=\"2f826b96\" data-element_type=\"column\">\n\t\t\t<div class=\"elementor-widget-wrap elementor-element-populated\">\n\t\t\t\t\t\t<div class=\"elementor-element elementor-element-55b51d4a product-price elementor-widget elementor-widget-heading\" data-id=\"55b51d4a\" data-element_type=\"widget\" data-widget_type=\"heading.default\">\n\t\t\t\t<div class=\"elementor-widget-container\">\n\t\t\t\t\t<p class=\"elementor-heading-title elementor-size-default\">2 897 z\u0142<\/p>\t\t\t\t<\/div>\n\t\t\t\t<\/div>\n\t\t\t\t\t<\/div>\n\t\t<\/div>\n\t\t\t\t<div class=\"elementor-column elementor-col-50 elementor-inner-column elementor-element elementor-element-3ba1b4ef\" data-id=\"3ba1b4ef\" data-element_type=\"column\">\n\t\t\t<div class=\"elementor-widget-wrap elementor-element-populated\">\n\t\t\t\t\t\t<div class=\"elementor-element elementor-element-e4d95b4 product-btn elementor-widget elementor-widget-button\" data-id=\"e4d95b4\" data-element_type=\"widget\" data-widget_type=\"button.default\">\n\t\t\t\t<div class=\"elementor-widget-container\">\n\t\t\t\t\t\t\t\t\t<div class=\"elementor-button-wrapper\">\n\t\t\t\t\t<a class=\"elementor-button elementor-button-link elementor-size-sm\" href=\"https:\/\/www.bobowozki.com.pl\/cybex-priam-5-0-comfort-wozek-2w1\" target=\"_blank\">\n\t\t\t\t\t\t<span class=\"elementor-button-content-wrapper\">\n\t\t\t\t\t\t\t\t\t<span class=\"elementor-button-text\">Kliknij tutaj<\/span>\n\t\t\t\t\t<\/span>\n\t\t\t\t\t<\/a>\n\t\t\t\t<\/div>\n\t\t\t\t\t\t\t\t<\/div>\n\t\t\t\t<\/div>\n\t\t\t\t\t<\/div>\n\t\t<\/div>\n\t\t\t\t\t<\/div>\n\t\t<\/section>\n\t\t\t\t\t<\/div>\n\t\t<\/div>\n\t\t\t\t\t<\/div>\n\t\t<\/section>\n\t\t\t\t<\/div>\n\t\t","protected":false},"excerpt":{"rendered":"<p>28. tydzie\u0144 ci\u0105\u017cy to czas intensywnego rozwoju m\u00f3zgu i p\u0142uc dziecka. Dla kobiety ten etap mo\u017ce si\u0119 wi\u0105za\u0107 z problemami ze snem czy b\u00f3lami kr\u0119gos\u0142upa. Dowiedz si\u0119, co si\u0119 zmienia na pocz\u0105tku III trymestru. 28. tydzie\u0144 ci\u0105\u017cy \u2013 to musisz wiedzie\u0107 Rosn\u0105cy w Tobie maluszek przypomina ju\u017c noworodka, kt\u00f3rego za oko\u0142o 12 tygodni powitasz na &hellip;<\/p>\n<p class=\"read-more\"> <a class=\"\" href=\"https:\/\/www.bobowozki.com.pl\/blog\/ciaza-i-porod\/28-tydzien-ciazy-co-dzieje-sie-z-twoim-cialem-i-maluszkiem\"> <span class=\"screen-reader-text\">28. tydzie\u0144 ci\u0105\u017cy \u2013 co dzieje si\u0119 z Twoim cia\u0142em i maluszkiem?<\/span> Czytaj dalej &raquo;<\/a><\/p>\n","protected":false},"author":1,"featured_media":29721,"comment_status":"open","ping_status":"open","sticky":false,"template":"","format":"standard","meta":{"site-sidebar-layout":"default","site-content-layout":"default","ast-global-header-display":"","ast-main-header-display":"","ast-hfb-above-header-display":"","ast-hfb-below-header-display":"","ast-hfb-mobile-header-display":"","site-post-title":"","ast-breadcrumbs-content":"","ast-featured-img":"","footer-sml-layout":"","theme-transparent-header-meta":"","adv-header-id-meta":"","stick-header-meta":"","header-above-stick-meta":"","header-main-stick-meta":"","header-below-stick-meta":"","footnotes":""},"categories":[28],"tags":[],"class_list":["post-29717","post","type-post","status-publish","format-standard","has-post-thumbnail","hentry","category-ciaza-i-porod"],"yoast_head":"<!-- This site is optimized with the Yoast SEO plugin v26.3 - https:\/\/yoast.com\/wordpress\/plugins\/seo\/ -->\n<title>28. tydzie\u0144 ci\u0105\u017cy \u2013 co dzieje si\u0119 z Twoim cia\u0142em i maluszkiem? - Bobowozki.pl - Blog<\/title>\n<meta name=\"description\" content=\"28. tydzie\u0144 ci\u0105\u017cy to czas intensywnego rozwoju m\u00f3zgu i p\u0142uc dziecka. Dowiedz si\u0119, co si\u0119 zmienia na pocz\u0105tku III trymestru.\" \/>\n<meta name=\"robots\" content=\"index, follow, max-snippet:-1, max-image-preview:large, max-video-preview:-1\" \/>\n<link rel=\"canonical\" href=\"https:\/\/www.bobowozki.com.pl\/blog\/ciaza-i-porod\/28-tydzien-ciazy-co-dzieje-sie-z-twoim-cialem-i-maluszkiem\" \/>\n<meta property=\"og:locale\" content=\"pl_PL\" \/>\n<meta property=\"og:type\" content=\"article\" \/>\n<meta property=\"og:title\" content=\"28. tydzie\u0144 ci\u0105\u017cy \u2013 co dzieje si\u0119 z Twoim cia\u0142em i maluszkiem? - Bobowozki.pl - Blog\" \/>\n<meta property=\"og:description\" content=\"28. tydzie\u0144 ci\u0105\u017cy to czas intensywnego rozwoju m\u00f3zgu i p\u0142uc dziecka. Dowiedz si\u0119, co si\u0119 zmienia na pocz\u0105tku III trymestru.\" \/>\n<meta property=\"og:url\" content=\"https:\/\/www.bobowozki.com.pl\/blog\/ciaza-i-porod\/28-tydzien-ciazy-co-dzieje-sie-z-twoim-cialem-i-maluszkiem\" \/>\n<meta property=\"og:site_name\" content=\"Bobowozki.pl - Blog\" \/>\n<meta property=\"article:published_time\" content=\"2026-08-31T11:56:08+00:00\" \/>\n<meta property=\"article:modified_time\" content=\"2026-08-31T11:59:23+00:00\" \/>\n<meta property=\"og:image\" content=\"https:\/\/www.bobowozki.com.pl\/blog\/wp-content\/uploads\/2026\/08\/28.-tydzien-ciazy-zdjecie-glowne.jpg\" \/>\n\t<meta property=\"og:image:width\" content=\"1200\" \/>\n\t<meta property=\"og:image:height\" content=\"400\" \/>\n\t<meta property=\"og:image:type\" content=\"image\/jpeg\" \/>\n<meta name=\"author\" content=\"bobowozki.com.pl\" \/>\n<meta name=\"twitter:card\" content=\"summary_large_image\" \/>\n<meta name=\"twitter:label1\" content=\"Napisane przez\" \/>\n\t<meta name=\"twitter:data1\" content=\"bobowozki.com.pl\" \/>\n\t<meta name=\"twitter:label2\" content=\"Szacowany czas czytania\" \/>\n\t<meta name=\"twitter:data2\" content=\"13 minut\" \/>\n<script type=\"application\/ld+json\" class=\"yoast-schema-graph\">{\"@context\":\"https:\/\/schema.org\",\"@graph\":[{\"@type\":[\"Article\",\"BlogPosting\"],\"@id\":\"https:\/\/www.bobowozki.com.pl\/blog\/ciaza-i-porod\/28-tydzien-ciazy-co-dzieje-sie-z-twoim-cialem-i-maluszkiem#article\",\"isPartOf\":{\"@id\":\"https:\/\/www.bobowozki.com.pl\/blog\/ciaza-i-porod\/28-tydzien-ciazy-co-dzieje-sie-z-twoim-cialem-i-maluszkiem\"},\"author\":{\"name\":\"bobowozki.com.pl\",\"@id\":\"https:\/\/www.bobowozki.com.pl\/blog\/#\/schema\/person\/6d94f1dde1b087601529fc6b610d69db\"},\"headline\":\"28. tydzie\u0144 ci\u0105\u017cy \u2013 co dzieje si\u0119 z Twoim cia\u0142em i maluszkiem?\",\"datePublished\":\"2026-08-31T11:56:08+00:00\",\"dateModified\":\"2026-08-31T11:59:23+00:00\",\"mainEntityOfPage\":{\"@id\":\"https:\/\/www.bobowozki.com.pl\/blog\/ciaza-i-porod\/28-tydzien-ciazy-co-dzieje-sie-z-twoim-cialem-i-maluszkiem\"},\"wordCount\":2201,\"commentCount\":0,\"publisher\":{\"@id\":\"https:\/\/www.bobowozki.com.pl\/blog\/#organization\"},\"image\":{\"@id\":\"https:\/\/www.bobowozki.com.pl\/blog\/ciaza-i-porod\/28-tydzien-ciazy-co-dzieje-sie-z-twoim-cialem-i-maluszkiem#primaryimage\"},\"thumbnailUrl\":\"https:\/\/www.bobowozki.com.pl\/blog\/wp-content\/uploads\/2026\/08\/28.-tydzien-ciazy-zdjecie-glowne.jpg\",\"articleSection\":[\"Ci\u0105\u017ca i por\u00f3d\"],\"inLanguage\":\"pl-PL\",\"potentialAction\":[{\"@type\":\"CommentAction\",\"name\":\"Comment\",\"target\":[\"https:\/\/www.bobowozki.com.pl\/blog\/ciaza-i-porod\/28-tydzien-ciazy-co-dzieje-sie-z-twoim-cialem-i-maluszkiem#respond\"]}]},{\"@type\":\"WebPage\",\"@id\":\"https:\/\/www.bobowozki.com.pl\/blog\/ciaza-i-porod\/28-tydzien-ciazy-co-dzieje-sie-z-twoim-cialem-i-maluszkiem\",\"url\":\"https:\/\/www.bobowozki.com.pl\/blog\/ciaza-i-porod\/28-tydzien-ciazy-co-dzieje-sie-z-twoim-cialem-i-maluszkiem\",\"name\":\"28. tydzie\u0144 ci\u0105\u017cy \u2013 co dzieje si\u0119 z Twoim cia\u0142em i maluszkiem? - Bobowozki.pl - Blog\",\"isPartOf\":{\"@id\":\"https:\/\/www.bobowozki.com.pl\/blog\/#website\"},\"primaryImageOfPage\":{\"@id\":\"https:\/\/www.bobowozki.com.pl\/blog\/ciaza-i-porod\/28-tydzien-ciazy-co-dzieje-sie-z-twoim-cialem-i-maluszkiem#primaryimage\"},\"image\":{\"@id\":\"https:\/\/www.bobowozki.com.pl\/blog\/ciaza-i-porod\/28-tydzien-ciazy-co-dzieje-sie-z-twoim-cialem-i-maluszkiem#primaryimage\"},\"thumbnailUrl\":\"https:\/\/www.bobowozki.com.pl\/blog\/wp-content\/uploads\/2026\/08\/28.-tydzien-ciazy-zdjecie-glowne.jpg\",\"datePublished\":\"2026-08-31T11:56:08+00:00\",\"dateModified\":\"2026-08-31T11:59:23+00:00\",\"description\":\"28. tydzie\u0144 ci\u0105\u017cy to czas intensywnego rozwoju m\u00f3zgu i p\u0142uc dziecka. Dowiedz si\u0119, co si\u0119 zmienia na pocz\u0105tku III trymestru.\",\"breadcrumb\":{\"@id\":\"https:\/\/www.bobowozki.com.pl\/blog\/ciaza-i-porod\/28-tydzien-ciazy-co-dzieje-sie-z-twoim-cialem-i-maluszkiem#breadcrumb\"},\"inLanguage\":\"pl-PL\",\"potentialAction\":[{\"@type\":\"ReadAction\",\"target\":[\"https:\/\/www.bobowozki.com.pl\/blog\/ciaza-i-porod\/28-tydzien-ciazy-co-dzieje-sie-z-twoim-cialem-i-maluszkiem\"]}]},{\"@type\":\"ImageObject\",\"inLanguage\":\"pl-PL\",\"@id\":\"https:\/\/www.bobowozki.com.pl\/blog\/ciaza-i-porod\/28-tydzien-ciazy-co-dzieje-sie-z-twoim-cialem-i-maluszkiem#primaryimage\",\"url\":\"https:\/\/www.bobowozki.com.pl\/blog\/wp-content\/uploads\/2026\/08\/28.-tydzien-ciazy-zdjecie-glowne.jpg\",\"contentUrl\":\"https:\/\/www.bobowozki.com.pl\/blog\/wp-content\/uploads\/2026\/08\/28.-tydzien-ciazy-zdjecie-glowne.jpg\",\"width\":1200,\"height\":400,\"caption\":\"28. tydzie\u0144 ci\u0105\u017cy zdjecie glowne\"},{\"@type\":\"BreadcrumbList\",\"@id\":\"https:\/\/www.bobowozki.com.pl\/blog\/ciaza-i-porod\/28-tydzien-ciazy-co-dzieje-sie-z-twoim-cialem-i-maluszkiem#breadcrumb\",\"itemListElement\":[{\"@type\":\"ListItem\",\"position\":1,\"name\":\"Home\",\"item\":\"https:\/\/www.bobowozki.com.pl\/blog\/\"},{\"@type\":\"ListItem\",\"position\":2,\"name\":\"28. tydzie\u0144 ci\u0105\u017cy \u2013 co dzieje si\u0119 z Twoim cia\u0142em i maluszkiem?\"}],\"@context\":\"https:\/\/schema.org\"},{\"@type\":\"WebSite\",\"@id\":\"https:\/\/www.bobowozki.com.pl\/blog\/#website\",\"url\":\"https:\/\/www.bobowozki.com.pl\/blog\/\",\"name\":\"Blog o rodzicielstwie - BoboW\u00f3zki\",\"description\":\"\",\"publisher\":{\"@id\":\"https:\/\/www.bobowozki.com.pl\/blog\/#organization\"},\"potentialAction\":[{\"@type\":\"SearchAction\",\"target\":{\"@type\":\"EntryPoint\",\"urlTemplate\":\"https:\/\/www.bobowozki.com.pl\/blog\/?s={search_term_string}\"},\"query-input\":{\"@type\":\"PropertyValueSpecification\",\"valueRequired\":true,\"valueName\":\"search_term_string\"}}],\"inLanguage\":\"pl-PL\"},{\"@type\":\"Organization\",\"@id\":\"https:\/\/www.bobowozki.com.pl\/blog\/#organization\",\"name\":\"Bobowozki.pl\",\"url\":\"https:\/\/www.bobowozki.com.pl\/blog\/\",\"logo\":{\"@type\":\"ImageObject\",\"inLanguage\":\"pl-PL\",\"@id\":\"https:\/\/www.bobowozki.com.pl\/blog\/#\/schema\/logo\/image\/\",\"url\":\"https:\/\/www.bobowozki.com.pl\/blog\/wp-content\/uploads\/2025\/11\/bobowozki-logo.svg\",\"contentUrl\":\"https:\/\/www.bobowozki.com.pl\/blog\/wp-content\/uploads\/2025\/11\/bobowozki-logo.svg\",\"width\":169,\"height\":30,\"caption\":\"Bobowozki.pl\"},\"image\":{\"@id\":\"https:\/\/www.bobowozki.com.pl\/blog\/#\/schema\/logo\/image\/\"}},{\"@type\":\"Person\",\"@id\":\"https:\/\/www.bobowozki.com.pl\/blog\/#\/schema\/person\/6d94f1dde1b087601529fc6b610d69db\",\"name\":\"bobowozki.com.pl\",\"image\":{\"@type\":\"ImageObject\",\"inLanguage\":\"pl-PL\",\"@id\":\"https:\/\/www.bobowozki.com.pl\/blog\/#\/schema\/person\/image\/\",\"url\":\"https:\/\/secure.gravatar.com\/avatar\/26336855e84d426007c0ab6491ca137111fc5ed6ee5ce7baaa8669bc1e50c844?s=96&d=mm&r=g\",\"contentUrl\":\"https:\/\/secure.gravatar.com\/avatar\/26336855e84d426007c0ab6491ca137111fc5ed6ee5ce7baaa8669bc1e50c844?s=96&d=mm&r=g\",\"caption\":\"bobowozki.com.pl\"},\"sameAs\":[\"http:\/\/localhost\"],\"url\":\"https:\/\/www.bobowozki.com.pl\/blog\/author\/bobowozki\"}]}<\/script>\n<!-- \/ Yoast SEO plugin. -->","yoast_head_json":{"title":"28. tydzie\u0144 ci\u0105\u017cy \u2013 co dzieje si\u0119 z Twoim cia\u0142em i maluszkiem? - Bobowozki.pl - Blog","description":"28. tydzie\u0144 ci\u0105\u017cy to czas intensywnego rozwoju m\u00f3zgu i p\u0142uc dziecka. Dowiedz si\u0119, co si\u0119 zmienia na pocz\u0105tku III trymestru.","robots":{"index":"index","follow":"follow","max-snippet":"max-snippet:-1","max-image-preview":"max-image-preview:large","max-video-preview":"max-video-preview:-1"},"canonical":"https:\/\/www.bobowozki.com.pl\/blog\/ciaza-i-porod\/28-tydzien-ciazy-co-dzieje-sie-z-twoim-cialem-i-maluszkiem","og_locale":"pl_PL","og_type":"article","og_title":"28. tydzie\u0144 ci\u0105\u017cy \u2013 co dzieje si\u0119 z Twoim cia\u0142em i maluszkiem? - Bobowozki.pl - Blog","og_description":"28. tydzie\u0144 ci\u0105\u017cy to czas intensywnego rozwoju m\u00f3zgu i p\u0142uc dziecka. Dowiedz si\u0119, co si\u0119 zmienia na pocz\u0105tku III trymestru.","og_url":"https:\/\/www.bobowozki.com.pl\/blog\/ciaza-i-porod\/28-tydzien-ciazy-co-dzieje-sie-z-twoim-cialem-i-maluszkiem","og_site_name":"Bobowozki.pl - Blog","article_published_time":"2026-08-31T11:56:08+00:00","article_modified_time":"2026-08-31T11:59:23+00:00","og_image":[{"width":1200,"height":400,"url":"https:\/\/www.bobowozki.com.pl\/blog\/wp-content\/uploads\/2026\/08\/28.-tydzien-ciazy-zdjecie-glowne.jpg","type":"image\/jpeg"}],"author":"bobowozki.com.pl","twitter_card":"summary_large_image","twitter_misc":{"Napisane przez":"bobowozki.com.pl","Szacowany czas czytania":"13 minut"},"schema":{"@context":"https:\/\/schema.org","@graph":[{"@type":["Article","BlogPosting"],"@id":"https:\/\/www.bobowozki.com.pl\/blog\/ciaza-i-porod\/28-tydzien-ciazy-co-dzieje-sie-z-twoim-cialem-i-maluszkiem#article","isPartOf":{"@id":"https:\/\/www.bobowozki.com.pl\/blog\/ciaza-i-porod\/28-tydzien-ciazy-co-dzieje-sie-z-twoim-cialem-i-maluszkiem"},"author":{"name":"bobowozki.com.pl","@id":"https:\/\/www.bobowozki.com.pl\/blog\/#\/schema\/person\/6d94f1dde1b087601529fc6b610d69db"},"headline":"28. tydzie\u0144 ci\u0105\u017cy \u2013 co dzieje si\u0119 z Twoim cia\u0142em i maluszkiem?","datePublished":"2026-08-31T11:56:08+00:00","dateModified":"2026-08-31T11:59:23+00:00","mainEntityOfPage":{"@id":"https:\/\/www.bobowozki.com.pl\/blog\/ciaza-i-porod\/28-tydzien-ciazy-co-dzieje-sie-z-twoim-cialem-i-maluszkiem"},"wordCount":2201,"commentCount":0,"publisher":{"@id":"https:\/\/www.bobowozki.com.pl\/blog\/#organization"},"image":{"@id":"https:\/\/www.bobowozki.com.pl\/blog\/ciaza-i-porod\/28-tydzien-ciazy-co-dzieje-sie-z-twoim-cialem-i-maluszkiem#primaryimage"},"thumbnailUrl":"https:\/\/www.bobowozki.com.pl\/blog\/wp-content\/uploads\/2026\/08\/28.-tydzien-ciazy-zdjecie-glowne.jpg","articleSection":["Ci\u0105\u017ca i por\u00f3d"],"inLanguage":"pl-PL","potentialAction":[{"@type":"CommentAction","name":"Comment","target":["https:\/\/www.bobowozki.com.pl\/blog\/ciaza-i-porod\/28-tydzien-ciazy-co-dzieje-sie-z-twoim-cialem-i-maluszkiem#respond"]}]},{"@type":"WebPage","@id":"https:\/\/www.bobowozki.com.pl\/blog\/ciaza-i-porod\/28-tydzien-ciazy-co-dzieje-sie-z-twoim-cialem-i-maluszkiem","url":"https:\/\/www.bobowozki.com.pl\/blog\/ciaza-i-porod\/28-tydzien-ciazy-co-dzieje-sie-z-twoim-cialem-i-maluszkiem","name":"28. tydzie\u0144 ci\u0105\u017cy \u2013 co dzieje si\u0119 z Twoim cia\u0142em i maluszkiem? - Bobowozki.pl - Blog","isPartOf":{"@id":"https:\/\/www.bobowozki.com.pl\/blog\/#website"},"primaryImageOfPage":{"@id":"https:\/\/www.bobowozki.com.pl\/blog\/ciaza-i-porod\/28-tydzien-ciazy-co-dzieje-sie-z-twoim-cialem-i-maluszkiem#primaryimage"},"image":{"@id":"https:\/\/www.bobowozki.com.pl\/blog\/ciaza-i-porod\/28-tydzien-ciazy-co-dzieje-sie-z-twoim-cialem-i-maluszkiem#primaryimage"},"thumbnailUrl":"https:\/\/www.bobowozki.com.pl\/blog\/wp-content\/uploads\/2026\/08\/28.-tydzien-ciazy-zdjecie-glowne.jpg","datePublished":"2026-08-31T11:56:08+00:00","dateModified":"2026-08-31T11:59:23+00:00","description":"28. tydzie\u0144 ci\u0105\u017cy to czas intensywnego rozwoju m\u00f3zgu i p\u0142uc dziecka. Dowiedz si\u0119, co si\u0119 zmienia na pocz\u0105tku III trymestru.","breadcrumb":{"@id":"https:\/\/www.bobowozki.com.pl\/blog\/ciaza-i-porod\/28-tydzien-ciazy-co-dzieje-sie-z-twoim-cialem-i-maluszkiem#breadcrumb"},"inLanguage":"pl-PL","potentialAction":[{"@type":"ReadAction","target":["https:\/\/www.bobowozki.com.pl\/blog\/ciaza-i-porod\/28-tydzien-ciazy-co-dzieje-sie-z-twoim-cialem-i-maluszkiem"]}]},{"@type":"ImageObject","inLanguage":"pl-PL","@id":"https:\/\/www.bobowozki.com.pl\/blog\/ciaza-i-porod\/28-tydzien-ciazy-co-dzieje-sie-z-twoim-cialem-i-maluszkiem#primaryimage","url":"https:\/\/www.bobowozki.com.pl\/blog\/wp-content\/uploads\/2026\/08\/28.-tydzien-ciazy-zdjecie-glowne.jpg","contentUrl":"https:\/\/www.bobowozki.com.pl\/blog\/wp-content\/uploads\/2026\/08\/28.-tydzien-ciazy-zdjecie-glowne.jpg","width":1200,"height":400,"caption":"28. tydzie\u0144 ci\u0105\u017cy zdjecie glowne"},{"@type":"BreadcrumbList","@id":"https:\/\/www.bobowozki.com.pl\/blog\/ciaza-i-porod\/28-tydzien-ciazy-co-dzieje-sie-z-twoim-cialem-i-maluszkiem#breadcrumb","itemListElement":[{"@type":"ListItem","position":1,"name":"Home","item":"https:\/\/www.bobowozki.com.pl\/blog\/"},{"@type":"ListItem","position":2,"name":"28. tydzie\u0144 ci\u0105\u017cy \u2013 co dzieje si\u0119 z Twoim cia\u0142em i maluszkiem?"}],"@context":"https:\/\/schema.org"},{"@type":"WebSite","@id":"https:\/\/www.bobowozki.com.pl\/blog\/#website","url":"https:\/\/www.bobowozki.com.pl\/blog\/","name":"Blog o rodzicielstwie - BoboW\u00f3zki","description":"","publisher":{"@id":"https:\/\/www.bobowozki.com.pl\/blog\/#organization"},"potentialAction":[{"@type":"SearchAction","target":{"@type":"EntryPoint","urlTemplate":"https:\/\/www.bobowozki.com.pl\/blog\/?s={search_term_string}"},"query-input":{"@type":"PropertyValueSpecification","valueRequired":true,"valueName":"search_term_string"}}],"inLanguage":"pl-PL"},{"@type":"Organization","@id":"https:\/\/www.bobowozki.com.pl\/blog\/#organization","name":"Bobowozki.pl","url":"https:\/\/www.bobowozki.com.pl\/blog\/","logo":{"@type":"ImageObject","inLanguage":"pl-PL","@id":"https:\/\/www.bobowozki.com.pl\/blog\/#\/schema\/logo\/image\/","url":"https:\/\/www.bobowozki.com.pl\/blog\/wp-content\/uploads\/2025\/11\/bobowozki-logo.svg","contentUrl":"https:\/\/www.bobowozki.com.pl\/blog\/wp-content\/uploads\/2025\/11\/bobowozki-logo.svg","width":169,"height":30,"caption":"Bobowozki.pl"},"image":{"@id":"https:\/\/www.bobowozki.com.pl\/blog\/#\/schema\/logo\/image\/"}},{"@type":"Person","@id":"https:\/\/www.bobowozki.com.pl\/blog\/#\/schema\/person\/6d94f1dde1b087601529fc6b610d69db","name":"bobowozki.com.pl","image":{"@type":"ImageObject","inLanguage":"pl-PL","@id":"https:\/\/www.bobowozki.com.pl\/blog\/#\/schema\/person\/image\/","url":"https:\/\/secure.gravatar.com\/avatar\/26336855e84d426007c0ab6491ca137111fc5ed6ee5ce7baaa8669bc1e50c844?s=96&d=mm&r=g","contentUrl":"https:\/\/secure.gravatar.com\/avatar\/26336855e84d426007c0ab6491ca137111fc5ed6ee5ce7baaa8669bc1e50c844?s=96&d=mm&r=g","caption":"bobowozki.com.pl"},"sameAs":["http:\/\/localhost"],"url":"https:\/\/www.bobowozki.com.pl\/blog\/author\/bobowozki"}]}},"_links":{"self":[{"href":"https:\/\/www.bobowozki.com.pl\/blog\/wp-json\/wp\/v2\/posts\/29717","targetHints":{"allow":["GET"]}}],"collection":[{"href":"https:\/\/www.bobowozki.com.pl\/blog\/wp-json\/wp\/v2\/posts"}],"about":[{"href":"https:\/\/www.bobowozki.com.pl\/blog\/wp-json\/wp\/v2\/types\/post"}],"author":[{"embeddable":true,"href":"https:\/\/www.bobowozki.com.pl\/blog\/wp-json\/wp\/v2\/users\/1"}],"replies":[{"embeddable":true,"href":"https:\/\/www.bobowozki.com.pl\/blog\/wp-json\/wp\/v2\/comments?post=29717"}],"version-history":[{"count":20,"href":"https:\/\/www.bobowozki.com.pl\/blog\/wp-json\/wp\/v2\/posts\/29717\/revisions"}],"predecessor-version":[{"id":29754,"href":"https:\/\/www.bobowozki.com.pl\/blog\/wp-json\/wp\/v2\/posts\/29717\/revisions\/29754"}],"wp:featuredmedia":[{"embeddable":true,"href":"https:\/\/www.bobowozki.com.pl\/blog\/wp-json\/wp\/v2\/media\/29721"}],"wp:attachment":[{"href":"https:\/\/www.bobowozki.com.pl\/blog\/wp-json\/wp\/v2\/media?parent=29717"}],"wp:term":[{"taxonomy":"category","embeddable":true,"href":"https:\/\/www.bobowozki.com.pl\/blog\/wp-json\/wp\/v2\/categories?post=29717"},{"taxonomy":"post_tag","embeddable":true,"href":"https:\/\/www.bobowozki.com.pl\/blog\/wp-json\/wp\/v2\/tags?post=29717"}],"curies":[{"name":"wp","href":"https:\/\/api.w.org\/{rel}","templated":true}]}}